{"id":2642,"date":"2015-12-31T01:26:48","date_gmt":"2015-12-31T01:26:48","guid":{"rendered":"https:\/\/www.marxaberet.com\/?p=2642"},"modified":"2015-12-31T01:26:48","modified_gmt":"2015-12-31T01:26:48","slug":"la-37ena-marxa-beret-acollira-el-campionat-deuropa-de-maratons-desqui-nordic-del-circuit-euroloppet","status":"publish","type":"post","link":"https:\/\/www.marxaberet.com\/ca\/la-37ena-marxa-beret-acollira-el-campionat-deuropa-de-maratons-desqui-nordic-del-circuit-euroloppet\/","title":{"rendered":"La 37\u00e8na Marxa Beret acollir\u00e0 el Campionat d\u2019Europa de Maratons d\u2019Esqu\u00ed N\u00f2rdic del Circuit Euroloppet"},"content":{"rendered":"<h3><strong>La Marxa Beret organitzada pel Conselh Generau d\u2019Aran, Ajuntament de Naut Aran i Baqueira Beret es disputar\u00e0 els dies 6 i 7 de febrer de 2016<\/strong><\/h3>\n<p><a href=\"https:\/\/www.marxaberet.com\/wp-content\/uploads\/2015\/12\/Presentaci\u00f3n-MB.jpg\"><img loading=\"lazy\" decoding=\"async\" class=\"aligncenter wp-image-2630 size-full\" src=\"https:\/\/www.marxaberet.com\/wp-content\/uploads\/2015\/12\/Presentaci\u00f3n-MB.jpg\" alt=\"Presentaci\u00f3n MB\" width=\"1200\" height=\"816\" srcset=\"https:\/\/www.marxaberet.com\/wp-content\/uploads\/2015\/12\/Presentaci\u00f3n-MB.jpg 1200w, https:\/\/www.marxaberet.com\/wp-content\/uploads\/2015\/12\/Presentaci\u00f3n-MB-300x204.jpg 300w, https:\/\/www.marxaberet.com\/wp-content\/uploads\/2015\/12\/Presentaci\u00f3n-MB-1024x696.jpg 1024w\" sizes=\"(max-width: 1200px) 100vw, 1200px\" \/><\/a><\/p>\n<p>La presentaci\u00f3 oficial de l\u2019edici\u00f3 2016 que ha tingut lloc al CGA, ha anat a c\u00e0rrec del director de la Marxa Beret i vicesindic d\u2019Aran <strong>Lu\u00eds Carlos Medina<\/strong>, acompanyat de l\u2019alcalde de Naut Aran <strong>Cesar Ru\u00edz Canela<\/strong>,<strong> Paco<\/strong> <strong>Cerd\u00e0<\/strong> en representaci\u00f3 de la Diputaci\u00f3 de Lleida i del coordinador de l\u2019organitzaci\u00f3 de la Marxa Beret <strong>Manu Caseny<\/strong>.<\/p>\n<p>&nbsp;<\/p>\n<p><strong>\u201cAmb la celebraci\u00f3 del Campionat d\u2019Europa de Maratons d\u2019Esqu\u00ed N\u00f2rdic, la Marxa Beret es consolida com una de les m\u00e9s importants competicions d\u2019esqu\u00ed de fons que es fan a Europa\u201d<\/strong>, ha explicat <strong>Lu\u00eds Carlos<\/strong> <strong>Medina<\/strong> i, <strong>\u201csuposa la internacionalitzaci\u00f3 de la proba, que en aquesta\u00a0 37\u00e8na edici\u00f3 acollir\u00e0 participants de m\u00e9s de 15 pa\u00efsos entre els quals destaquen esquiadors de Noruega, Finl\u00e0ndia, Su\u00e8cia, Alemanya, B\u00e8lgica, \u00c0ustria, Tx\u00e8quia, Let\u00f2nia, Litu\u00e0nia, Su\u00efssa, Fran\u00e7a i per descomptat corredors espanyols, andorrans, catalans i aranesos, el que fa que la previsi\u00f3 d\u2019esquiadors sigui entre 1.300 i 1.400 competidors\u201d<\/strong> ha afegit.<\/p>\n<p>&nbsp;<\/p>\n<p>La Marxa Beret , que enguany arriba a la 37\u00e8na edici\u00f3, data de l\u2019any 1977. L\u2019edici\u00f3 2016 \u00e9s inclosa dins el <strong>calendari FIS<\/strong> (Federaci\u00f3 Internacional d\u2019Esqu\u00ed), dins del <strong>Circuit<\/strong> <strong>Euroloppet<\/strong> (Circuit Europeu de marxes de llarga dist\u00e0ncia), proba <strong>puntuable per a la<\/strong> <strong>Copa Catalana<\/strong>, i <strong>Campionat d\u2019Europa de Maratons d\u2019Esqu\u00ed N\u00f2rdic<\/strong>.<\/p>\n<p>&nbsp;<\/p>\n<p>Per organitzar la 37\u00e8na edici\u00f3 de la Marxa Beret, s\u2019han marcat de forma definitiva, els <strong>circuits de 15Km i 30Km<\/strong> per a la competici\u00f3 del dissabte dia 6 de febrer i els <strong>circuits de<\/strong> <strong>10Km, 21Km i 42Km<\/strong> per a la competici\u00f3 del diumenge dia 7 de febrer.<\/p>\n<p><strong>El Campionat d\u2019Europa de Maratons d\u2019Esqu\u00ed, el guanyar\u00e0 l\u2019esquiador que aconsegueixi els millors temps en les probes de Patinador 30Km del dissabte 6, i de 42Km Cl\u00e0ssica del diumenge 7 de febrer.<\/strong><\/p>\n<p><strong>\u00a0<\/strong><\/p>\n<p>Els organitzadors de la Marxa Beret 2016 compten amb la col\u00b7laboraci\u00f3 d\u2019un col\u00b7lectiu hum\u00e0 de <strong>m\u00e9s de 230 persones<\/strong> integrat per els <strong>Volentaris d\u2019Aran<\/strong>, aix\u00ed com <strong>Mossos d\u2019Esquadra<\/strong>, <strong>Pompi\u00e8rs d\u2019Aran<\/strong> i <strong>SABS<\/strong> (Servici Aran\u00e9s de Ben\u00e9ster e Salut), per assegurar el correcte desenvolupament de la proba que cada any millora el seu nivell organitzatiu.<\/p>\n<p>&nbsp;<\/p>\n<p>Per la seva banda <strong>Torisme Val d\u2019Aran<\/strong>, ha posat en funcionament en coordinaci\u00f3 amb els organitzadors, un servei d\u2019informaci\u00f3 per als participants de la 37\u00e8na Marxa Beret, que en molts dels casos arriben a la <strong>Val d\u2019Aran<\/strong> i a l\u2019estaci\u00f3 de <strong>Baqueira Beret<\/strong> acompanyats dels seus familiars, perqu\u00e8 tinguin acc\u00e9s i informaci\u00f3 sobre allotjaments, establiments de restauraci\u00f3 i de la resta de serveis durant la seva estada.<\/p>\n<p>&nbsp;<\/p>\n<p>La Marxa Beret que enguany te un pressupost d\u2019uns 120.000 \u20ac, comptar\u00e0 tamb\u00e9 amb una nova edici\u00f3 de la <strong>fira de material esportiu \u201cEsport Nh\u00e8u\u201d <\/strong>i una <strong>exposici\u00f3 sobre la hist\u00f2ria de les diferents edicions de la Marxa Beret<\/strong>, que es podr\u00e0 visitar des de el dia 30 de desembre al <strong>Mus\u00e8u dera Nh\u00e8u, d\u2019Unha<\/strong>.<\/p>\n<p>&nbsp;<\/p>\n<p>Les inscripcions per participar a la 37\u00e8na Marxa Beret, es poden complimentar fins el dia 2 de febrer de 2016 per internet a trav\u00e9s de la p\u00e0gina web de la Marxa <a href=\"https:\/\/www.marxaberet.com\">www.marxaberet.com<\/a>, i els dies 5 i 6 de febrer a Salard\u00fa.<\/p>\n<p>&nbsp;<\/p>\n<p>La 37\u00e8na edici\u00f3 de la Marxa Beret, es presentar\u00e0 tamb\u00e9 a la <strong>Diputaci\u00f3 de Lleida<\/strong> durant el mes de gener.<\/p>\n<p>&nbsp;<\/p>\n","protected":false},"excerpt":{"rendered":"<p>La Marxa Beret organitzada pel Conselh Generau d\u2019Aran, Ajuntament de Naut Aran i Baqueira Beret es disputar\u00e0 els dies 6 i 7 de febrer de 2016 La presentaci\u00f3 oficial de l\u2019edici\u00f3 2016 que ha tingut lloc al CGA, ha anat a c\u00e0rrec del director de la Marxa Beret i vicesindic d\u2019Aran Lu\u00eds Carlos Medina, acompanyat [&hellip;]<\/p>\n","protected":false},"author":3,"featured_media":2635,"comment_status":"open","ping_status":"open","sticky":false,"template":"","format":"standard","meta":{"_et_pb_use_builder":"","_et_pb_old_content":"","_et_gb_content_width":"","footnotes":""},"categories":[4],"tags":[],"_links":{"self":[{"href":"https:\/\/www.marxaberet.com\/ca\/wp-json\/wp\/v2\/posts\/2642"}],"collection":[{"href":"https:\/\/www.marxaberet.com\/ca\/wp-json\/wp\/v2\/posts"}],"about":[{"href":"https:\/\/www.marxaberet.com\/ca\/wp-json\/wp\/v2\/types\/post"}],"author":[{"embeddable":true,"href":"https:\/\/www.marxaberet.com\/ca\/wp-json\/wp\/v2\/users\/3"}],"replies":[{"embeddable":true,"href":"https:\/\/www.marxaberet.com\/ca\/wp-json\/wp\/v2\/comments?post=2642"}],"version-history":[{"count":2,"href":"https:\/\/www.marxaberet.com\/ca\/wp-json\/wp\/v2\/posts\/2642\/revisions"}],"predecessor-version":[{"id":2644,"href":"https:\/\/www.marxaberet.com\/ca\/wp-json\/wp\/v2\/posts\/2642\/revisions\/2644"}],"wp:featuredmedia":[{"embeddable":true,"href":"https:\/\/www.marxaberet.com\/ca\/wp-json\/wp\/v2\/media\/2635"}],"wp:attachment":[{"href":"https:\/\/www.marxaberet.com\/ca\/wp-json\/wp\/v2\/media?parent=2642"}],"wp:term":[{"taxonomy":"category","embeddable":true,"href":"https:\/\/www.marxaberet.com\/ca\/wp-json\/wp\/v2\/categories?post=2642"},{"taxonomy":"post_tag","embeddable":true,"href":"https:\/\/www.marxaberet.com\/ca\/wp-json\/wp\/v2\/tags?post=2642"}],"curies":[{"name":"wp","href":"https:\/\/api.w.org\/{rel}","templated":true}]}}