{"id":2955,"date":"2016-02-03T23:36:37","date_gmt":"2016-02-03T23:36:37","guid":{"rendered":"https:\/\/www.marxaberet.com\/?p=2955"},"modified":"2016-02-03T23:36:37","modified_gmt":"2016-02-03T23:36:37","slug":"arriba-la-37a-marxa-beret-i-el-campionat-europeu-desqui-nordic","status":"publish","type":"post","link":"https:\/\/www.marxaberet.com\/ca\/arriba-la-37a-marxa-beret-i-el-campionat-europeu-desqui-nordic\/","title":{"rendered":"Arriba la 37a Marxa Beret i el Campionat Europeu d\u2019Esqu\u00ed N\u00f2rdic"},"content":{"rendered":"<p><a href=\"https:\/\/www.marxaberet.com\/wp-content\/uploads\/2016\/02\/598927-Laura-Orgue-y-Diego-Ruiz-se-llevan-el-Campeonato-de-Espana-Trofeo-Salomon-Skating.jpg\"><img loading=\"lazy\" decoding=\"async\" class=\"aligncenter wp-image-2945 size-full\" src=\"https:\/\/www.marxaberet.com\/wp-content\/uploads\/2016\/02\/598927-Laura-Orgue-y-Diego-Ruiz-se-llevan-el-Campeonato-de-Espana-Trofeo-Salomon-Skating.jpg\" alt=\"598927-Laura-Orgue-y-Diego-Ruiz-se-llevan-el-Campeonato-de-Espana-Trofeo-Salomon-Skating\" width=\"850\" height=\"565\" srcset=\"https:\/\/www.marxaberet.com\/wp-content\/uploads\/2016\/02\/598927-Laura-Orgue-y-Diego-Ruiz-se-llevan-el-Campeonato-de-Espana-Trofeo-Salomon-Skating.jpg 850w, https:\/\/www.marxaberet.com\/wp-content\/uploads\/2016\/02\/598927-Laura-Orgue-y-Diego-Ruiz-se-llevan-el-Campeonato-de-Espana-Trofeo-Salomon-Skating-300x199.jpg 300w\" sizes=\"(max-width: 850px) 100vw, 850px\" \/><\/a><\/p>\n<ul style=\"color: #444444;\">\n<li class=\"ecxMsoNormal\" style=\"color: black;\"><b style=\"font-weight: bold;\">L\u2019estaci\u00f3 aranesa de Baqueira Beret acollir\u00e0 els dies 6 i 7 de febrer la 37a Marxa Beret i el Campionat d\u2019Europa d\u2019Esqu\u00ed N\u00f2rdic.<\/b><\/li>\n<li class=\"ecxMsoNormal\" style=\"color: black;\"><b style=\"font-weight: bold;\">S\u2019espera l\u2019arribada i participaci\u00f3 d\u2019entre 1.400 i 1.500 esportistes procedents de tot el m\u00f3n.<\/b><\/li>\n<li class=\"ecxMsoNormal\" style=\"color: black;\"><b style=\"font-weight: bold;\">La Marxa Beret al ser una marxa popular compta amb diferents dist\u00e0ncies podent participar gent de qualsevol nivell.<\/b><\/li>\n<\/ul>\n<table class=\"ecxMsoNormalTable\" style=\"color: #444444;\" border=\"0\" cellpadding=\"0\">\n<tbody>\n<tr>\n<td valign=\"top\" width=\"569\">\n<p class=\"ecxMsoNormal\"><span style=\"color: black;\">La Marxa Beret va n\u00e9ixer l\u2019any 1977 com una marxa popular i aquest any, inclou la marat\u00f3 d\u2019estil cl\u00e0ssic i d\u2019estil lliure, puntuable per la Copa Catalana i pel Campionat d\u2019Europa de Maratons d\u2019Esqu\u00ed. Igualment, \u00e9s puntable pel Campionat d\u2019Europa d\u2019Esqu\u00ed N\u00f2rdic i la qualificaci\u00f3 dels esportistes est\u00e0 inclosa en el calendari de la Federaci\u00f3 Internacional d\u2019Esqu\u00ed de proves populars i tamb\u00e9 en el calendari Euroloppet (circuit europeu de marxes de llarga dist\u00e0ncia).<\/span><\/p>\n<p class=\"ecxMsoNormal\"><span style=\"color: black;\">S\u2019espera la participaci\u00f3 d\u2019entre 1.400 i 1.500 esportistes, un 40% dels quals provenen de pa\u00efsos n\u00f2rdics, d\u2019Alemanya, \u00c0ustria o It\u00e0lia.<\/span><\/p>\n<p><span lang=\"CA\" style=\"color: black;\">Les inscripcions van a bon ritme (prop de 600 inscrits) i ja han confirmat la participaci\u00f3 fondistes de la talla de\u00a0<b style=\"font-weight: bold;\">Ioseba Rojo<\/b>, de l\u2019equip de la Reial Federaci\u00f3 Espanyola Esports d\u2019Hivern (RFEDI),\u00a0<b style=\"font-weight: bold;\">Diego Ruiz<\/b>,\u00a0<b style=\"font-weight: bold;\">Jes\u00fas Labanda<\/b>,<b style=\"font-weight: bold;\">Mart\u00ed Vigo<\/b>\u00a0i\u00a0<b style=\"font-weight: bold;\">Ruben Caseny<\/b>. L\u2019organitzaci\u00f3 tamb\u00e9 ha destacat que entre els corredors d\u2019elit estrangers hi ha\u00a0<b style=\"font-weight: bold;\">Rolf Aschenbrenner\u00a0<\/b>(AUSTRIA) i\u00a0<b style=\"font-weight: bold;\">Weis Eric\u00a0<\/b>(LUXEMBURG).<\/span><\/p>\n<p><span lang=\"CA\" style=\"color: black;\">La Marxa Beret \u00e9s la prova d\u2019esqu\u00ed de fons popular en estil cl\u00e0ssic m\u00e9s multitudin\u00e0ria d\u2019Espanya<\/span><\/p>\n<p class=\"ecxMsoNormal\"><span lang=\"CA\" style=\"color: black;\">\u00a0<\/span><\/p>\n<p class=\"ecxMsoNormal\"><span style=\"color: black;\">El dijous, 4 de febrer, s\u2019inaugurar\u00e0 la primera Fira de la Neu i l\u2019Esport &#8220;<b style=\"font-weight: bold;\">Nheusport&#8221;\u00a0<\/b>al\u00a0<span style=\"text-decoration: underline;\">pavell\u00f3 esportiu de Salard\u00fa<\/span>\u00a0on tamb\u00e9 es trobar\u00e0 instal\u00b7lada la\u00a0<b style=\"font-weight: bold;\">Casa d\u2019Acolliment<\/b>, lloc emblem\u00e0tic per realitzar inscripcions de darrera hora, recollida de dorsals, informaci\u00f3 als participants,&#8230;<\/span><\/p>\n<p class=\"ecxMsoNormal\"><span style=\"color: black;\">\u00a0<\/span><\/p>\n<p class=\"ecxMsoNormal\"><span style=\"color: black;\">El divendres, 5 de febrer, a partir de les 18:00 hores al\u00a0<span style=\"text-decoration: underline;\">Pavell\u00f3 esportiu de Salard\u00fa<\/span>\u00a0tindr\u00e0 lloc l\u2019<b style=\"font-weight: bold;\">acte inaugural de la 37a Marxa Beret i Campionat Europeu d\u2019Esqu\u00ed N\u00f2rdic.<\/b><\/span><\/p>\n<p class=\"ecxMsoNormal\"><span style=\"color: black;\">\u00a0<\/span><\/p>\n<p class=\"ecxMsoNormal\"><span style=\"color: black;\">El dissabte 6 de febrer tindr\u00e0 lloc la\u00a0<b style=\"font-weight: bold;\">prova en estil lliure de dues dist\u00e0ncies<\/b>de 15km en la zona d\u2019Orri i Beret i de 30 km en la zona d\u2019Orri i Beret.<\/span><\/p>\n<p class=\"ecxMsoNormal\"><span style=\"color: black;\">\u00a0<\/span><\/p>\n<p class=\"ecxMsoNormal\"><span style=\"color: black;\">El diumenge 7 de febrer es disputar\u00e0 la\u00a0<b style=\"font-weight: bold;\">prova de llarga distancia en estil cl\u00e0ssic<\/b>. Amb un circuit de 10km en la zona de Beret i Orri; de 21km en la zona de Beret, Orri i Montgarri i finalment al circuit de 42km, en la zona de Beret, Orri, Montgarri i direcci\u00f3 Marimanha.<\/span><\/p>\n<p class=\"ecxMsoNormal\"><span style=\"color: black;\">\u00a0<\/span><\/p>\n<p class=\"ecxMsoNormal\"><span style=\"color: black;\">Aquesta prova correspon al Campionat d\u2019Europa de Maratons d\u2019Esqu\u00ed i el campi\u00f3 d\u2019Europa ser\u00e0 qui aconsegueixi el c\u00f2mput dels dos millors temps de les dues proves de llarga dist\u00e0ncia: la prova de 30km (dissabte) i de 42km (diumenge).<\/span><\/p>\n<p class=\"ecxMsoNormal\"><span style=\"color: black;\">\u00a0<\/span><\/p>\n<p class=\"ecxMsoNormal\"><span style=\"color: black;\">L\u2019any vinent, aquest Campionat d\u2019Europa se celebrar\u00e0 a Vuokatti, Finl\u00e0ndia.<\/span><\/p>\n<p><span lang=\"CA\" style=\"color: black;\">La Marxa Beret l\u2019organitza el\u00a0<b style=\"font-weight: bold;\">Conselh Generau d\u2019Aran, Baqueira Beret\u00a0<\/b>i l\u2019<b style=\"font-weight: bold;\">Ajuntament de Naut Aran\u00a0<\/b>amb la col\u00b7laboraci\u00f3 de l\u2019<b style=\"font-weight: bold;\">Associaci\u00f3 Volentaris Val d\u2019Aran\u00a0<\/b>y d\u2019altres organismes, a m\u00e9s de la\u00a0<b style=\"font-weight: bold;\">Reial Federaci\u00f3 Espanyola d\u2019Esports d\u2019Hivern\u00a0<\/b>i la<b style=\"font-weight: bold;\">\u00a0Federaci\u00f3 Catalana d\u2019Esports d&#8217;Hivern<\/b>.<\/span><\/p>\n<p>&nbsp;<\/td>\n<\/tr>\n<tr>\n<td valign=\"top\" width=\"569\"><\/td>\n<\/tr>\n<\/tbody>\n<\/table>\n<p class=\"ecxMsoNormal\" style=\"color: #444444;\">\n<p class=\"ecxMsoNormal\" style=\"color: #444444;\"><span lang=\"CA\">N\u00faria Sanjuan Garc\u00eda<\/span><\/p>\n<p class=\"ecxMsoNormal\" style=\"color: #444444;\"><span lang=\"CA\">\u00a0<\/span><\/p>\n","protected":false},"excerpt":{"rendered":"<p>L\u2019estaci\u00f3 aranesa de Baqueira Beret acollir\u00e0 els dies 6 i 7 de febrer la 37a Marxa Beret i el Campionat d\u2019Europa d\u2019Esqu\u00ed N\u00f2rdic. S\u2019espera l\u2019arribada i participaci\u00f3 d\u2019entre 1.400 i 1.500 esportistes procedents de tot el m\u00f3n. La Marxa Beret al ser una marxa popular compta amb diferents dist\u00e0ncies podent participar gent de qualsevol nivell. [&hellip;]<\/p>\n","protected":false},"author":3,"featured_media":2950,"comment_status":"open","ping_status":"open","sticky":false,"template":"","format":"standard","meta":{"_et_pb_use_builder":"","_et_pb_old_content":"","_et_gb_content_width":"","footnotes":""},"categories":[4],"tags":[],"_links":{"self":[{"href":"https:\/\/www.marxaberet.com\/ca\/wp-json\/wp\/v2\/posts\/2955"}],"collection":[{"href":"https:\/\/www.marxaberet.com\/ca\/wp-json\/wp\/v2\/posts"}],"about":[{"href":"https:\/\/www.marxaberet.com\/ca\/wp-json\/wp\/v2\/types\/post"}],"author":[{"embeddable":true,"href":"https:\/\/www.marxaberet.com\/ca\/wp-json\/wp\/v2\/users\/3"}],"replies":[{"embeddable":true,"href":"https:\/\/www.marxaberet.com\/ca\/wp-json\/wp\/v2\/comments?post=2955"}],"version-history":[{"count":3,"href":"https:\/\/www.marxaberet.com\/ca\/wp-json\/wp\/v2\/posts\/2955\/revisions"}],"predecessor-version":[{"id":2958,"href":"https:\/\/www.marxaberet.com\/ca\/wp-json\/wp\/v2\/posts\/2955\/revisions\/2958"}],"wp:featuredmedia":[{"embeddable":true,"href":"https:\/\/www.marxaberet.com\/ca\/wp-json\/wp\/v2\/media\/2950"}],"wp:attachment":[{"href":"https:\/\/www.marxaberet.com\/ca\/wp-json\/wp\/v2\/media?parent=2955"}],"wp:term":[{"taxonomy":"category","embeddable":true,"href":"https:\/\/www.marxaberet.com\/ca\/wp-json\/wp\/v2\/categories?post=2955"},{"taxonomy":"post_tag","embeddable":true,"href":"https:\/\/www.marxaberet.com\/ca\/wp-json\/wp\/v2\/tags?post=2955"}],"curies":[{"name":"wp","href":"https:\/\/api.w.org\/{rel}","templated":true}]}}