{"id":4483,"date":"2017-01-27T23:19:42","date_gmt":"2017-01-27T23:19:42","guid":{"rendered":"https:\/\/www.marxaberet.com\/ca\/?p=4483"},"modified":"2017-01-27T23:19:42","modified_gmt":"2017-01-27T23:19:42","slug":"reunions-tecniques-dorganitzacio-de-la-38a-marxa-beret","status":"publish","type":"post","link":"https:\/\/www.marxaberet.com\/ca\/reunions-tecniques-dorganitzacio-de-la-38a-marxa-beret\/","title":{"rendered":"Reunions t\u00e8cniques d\u2019organitzaci\u00f3 de la 38a Marxa Beret"},"content":{"rendered":"<p style=\"text-align: justify;\"><strong>L\u2019estaci\u00f3 aranesa de Baqueira Beret acollir\u00e0 els dies 4 i 5 de febrer la 38a Marxa Beret, <\/strong><strong>inclosa dins del calendari FIS, i puntuable per al Circuit Popular Cross- Country Races, la Copa d&#8217;Espanya RFEDI i la Copa Catalana.<\/strong><\/p>\n<p style=\"text-align: justify;\"><strong>Les inscripcions van a bon ritme i ja compta amb m\u00e9s de 400 inscrits, amb esportistes procedents de tot el m\u00f3n.<\/strong><\/p>\n<p style=\"text-align: justify;\"><strong>Com a novetat, aquest any se celebrar\u00e0 la prova de <em>skating<\/em>, Sprint Salomon, a Arties.<\/strong><\/p>\n<p style=\"text-align: justify;\">El Conselh Generau d\u2019Aran ha acollit les reunions t\u00e8cniques d\u2019organitzaci\u00f3 per acabar de perfilar la 38a edici\u00f3 de la Marxa Beret on han assistit el vicesindic d\u2019Aran i director de la Marxa Beret, <strong>Luis Carlos Medina<\/strong>, representants de <strong>Baqueira Beret<\/strong>, el president de la RFEDI, <strong>May Peus Espa\u00f1a<\/strong>, <strong>Pompi\u00e8rs d\u2019Aran<\/strong>, <strong>Mossos d\u2019Esquadra<\/strong>, i <strong>Era Esc\u00f2la.<\/strong><\/p>\n<p><img loading=\"lazy\" decoding=\"async\" class=\"aligncenter wp-image-4476 size-large\" src=\"https:\/\/www.marxaberet.com\/wp-content\/uploads\/2017\/01\/amssada-tecnica-Marxa-Beret-1024x768.jpg\" alt=\"amssada tecnica Marxa Beret\" width=\"1024\" height=\"768\" srcset=\"https:\/\/www.marxaberet.com\/wp-content\/uploads\/2017\/01\/amssada-tecnica-Marxa-Beret-1024x768.jpg 1024w, https:\/\/www.marxaberet.com\/wp-content\/uploads\/2017\/01\/amssada-tecnica-Marxa-Beret-300x225.jpg 300w, https:\/\/www.marxaberet.com\/wp-content\/uploads\/2017\/01\/amssada-tecnica-Marxa-Beret-768x576.jpg 768w, https:\/\/www.marxaberet.com\/wp-content\/uploads\/2017\/01\/amssada-tecnica-Marxa-Beret-510x382.jpg 510w, https:\/\/www.marxaberet.com\/wp-content\/uploads\/2017\/01\/amssada-tecnica-Marxa-Beret-1080x810.jpg 1080w, https:\/\/www.marxaberet.com\/wp-content\/uploads\/2017\/01\/amssada-tecnica-Marxa-Beret.jpg 1600w\" sizes=\"(max-width: 1024px) 100vw, 1024px\" \/><\/p>\n<p style=\"text-align: justify;\">El dissabte, 4 de febrer, a les 16h00, tindr\u00e0 lloc la prova de <em>skating <\/em>Sprint Salomon a Arties, a la zona del p\u00e0rquing de la carretera C-28.<\/p>\n<p style=\"text-align: justify;\">El diumenge, 5 de febrer, es disputar\u00e0 la 38a Marxa Beret, amb un circuit de 10Km a la zona de Beret i Orri; de 21Km a la zona de Beret, Orri i Montgarri i finalment el circuit de 42Km a la zona de Beret, Orri, Montgarri i direcci\u00f3 Marimanha.<\/p>\n<p style=\"text-align: justify;\">La Marxa Beret \u00e9s una de les proves d&#8217;esqu\u00ed n\u00f2rdic m\u00e9s consolidades que es realitzen al territori nacional i que cada any compta amb m\u00e9s de 1.000 participants provinents de tota Europa. Aquesta marxa recupera el seu car\u00e0cter popular i t\u00e9 la intenci\u00f3 de convertir-se en la festa de l&#8217;esqu\u00ed n\u00f2rdic. Per aix\u00f2, l&#8217;organitzaci\u00f3 composta pel <strong>Conselh Generau d\u2019Aran<\/strong> i per l&#8217;estaci\u00f3 d&#8217;esqu\u00ed aranesa <strong>Baqueira Beret<\/strong>, ha proposat una s\u00e8rie d&#8217;esdeveniments paral\u00b7lels a la Marxa Beret els quals tenen com a objectiu que tots els seus participants i seguidors gaudeixin d&#8217;un agradable cap de setmana a la Val d\u2019Aran.<\/p>\n<p style=\"text-align: justify;\">La Marxa Beret, que aquest any arriba a la 38a edici\u00f3, data de l&#8217;any 1977. L&#8217;edici\u00f3 del 2017 est\u00e0 <strong>inclosa dins del calendari FIS (Federaci\u00f3 Internacional d&#8217;Esqu\u00ed), \u00e9s prova puntuable per al Circuit Popular Cross-Country Races, la Copa d&#8217;Espanya RFEDI i la Copa Catalana<\/strong>.<\/p>\n<p style=\"text-align: justify;\">Les inscripcions s&#8217;han de realitzar per Internet, a trav\u00e9s de la p\u00e0gina web de la Marxa Beret, <a href=\"https:\/\/www.marxaberet.com\/\"><u>www.marxaberet.com<\/u><\/a>, fins al 2 de febrer. Les inscripcions presencials tindran lloc a la Casa d&#8217;Acollida, en la poblaci\u00f3 de Salard\u00fa, el 4 de febrer.<\/p>\n<table>\n<tbody>\n<tr>\n<td width=\"563\">La Marxa Beret \u00e9s la prova d\u2019esqu\u00ed de fons popular en estil cl\u00e0ssic m\u00e9s multitudin\u00e0ria d\u2019Espanya<\/p>\n<p>&nbsp;<\/td>\n<\/tr>\n<tr>\n<td width=\"563\"><\/td>\n<\/tr>\n<\/tbody>\n<\/table>\n<p><strong><u>Programa<\/u><\/strong><\/p>\n<p><strong>Dissabte, 4 de febrer<\/strong><\/p>\n<p>09h30 &#8211; Obertura de la \u201cCasa d&#8217;Acollida\u201d<\/p>\n<p>16h00 &#8211; Exhibici\u00f3 \u00abSprint Salomon\u00bb a Arties<\/p>\n<p>19h00 &#8211; Repartiment de premis<\/p>\n<p>19h30 &#8211; Presentaci\u00f3 \u00ab38a Marxa Beret\u00bb<\/p>\n<p>20h30 &#8211; Tancament d&#8217;inscripcions i de la Casa d&#8217;Acollida<\/p>\n<p><strong>Diumenge, 5 de febrer<\/strong><\/p>\n<p>10h00 &#8211; Sortida 38a Marxa Beret<\/p>\n<p>13h30 &#8211; Repartiment de premis<\/p>\n<p>14h00 &#8211; Cerim\u00f2nia de Clausura<\/p>\n<p>14h30 &#8211; Tancament del circuit<\/p>\n<p>&nbsp;<\/p>\n<p>N\u00faria Sanjuan Garc\u00eda<\/p>\n","protected":false},"excerpt":{"rendered":"<p>L\u2019estaci\u00f3 aranesa de Baqueira Beret acollir\u00e0 els dies 4 i 5 de febrer la 38a Marxa Beret, inclosa dins del calendari FIS, i puntuable per al Circuit Popular Cross- Country Races, la Copa d&#8217;Espanya RFEDI i la Copa Catalana. Les inscripcions van a bon ritme i ja compta amb m\u00e9s de 400 inscrits, amb esportistes [&hellip;]<\/p>\n","protected":false},"author":3,"featured_media":4472,"comment_status":"open","ping_status":"open","sticky":false,"template":"","format":"standard","meta":{"_et_pb_use_builder":"","_et_pb_old_content":"","_et_gb_content_width":"","footnotes":""},"categories":[4],"tags":[],"_links":{"self":[{"href":"https:\/\/www.marxaberet.com\/ca\/wp-json\/wp\/v2\/posts\/4483"}],"collection":[{"href":"https:\/\/www.marxaberet.com\/ca\/wp-json\/wp\/v2\/posts"}],"about":[{"href":"https:\/\/www.marxaberet.com\/ca\/wp-json\/wp\/v2\/types\/post"}],"author":[{"embeddable":true,"href":"https:\/\/www.marxaberet.com\/ca\/wp-json\/wp\/v2\/users\/3"}],"replies":[{"embeddable":true,"href":"https:\/\/www.marxaberet.com\/ca\/wp-json\/wp\/v2\/comments?post=4483"}],"version-history":[{"count":2,"href":"https:\/\/www.marxaberet.com\/ca\/wp-json\/wp\/v2\/posts\/4483\/revisions"}],"predecessor-version":[{"id":4485,"href":"https:\/\/www.marxaberet.com\/ca\/wp-json\/wp\/v2\/posts\/4483\/revisions\/4485"}],"wp:featuredmedia":[{"embeddable":true,"href":"https:\/\/www.marxaberet.com\/ca\/wp-json\/wp\/v2\/media\/4472"}],"wp:attachment":[{"href":"https:\/\/www.marxaberet.com\/ca\/wp-json\/wp\/v2\/media?parent=4483"}],"wp:term":[{"taxonomy":"category","embeddable":true,"href":"https:\/\/www.marxaberet.com\/ca\/wp-json\/wp\/v2\/categories?post=4483"},{"taxonomy":"post_tag","embeddable":true,"href":"https:\/\/www.marxaberet.com\/ca\/wp-json\/wp\/v2\/tags?post=4483"}],"curies":[{"name":"wp","href":"https:\/\/api.w.org\/{rel}","templated":true}]}}