{"id":5248,"date":"2022-11-17T21:10:20","date_gmt":"2022-11-17T21:10:20","guid":{"rendered":"https:\/\/www.marxaberet.com\/?p=5248"},"modified":"2022-11-18T21:43:47","modified_gmt":"2022-11-18T21:43:47","slug":"abiertas-las-inscripciones-para-la-43a-marxa-beret","status":"publish","type":"post","link":"https:\/\/www.marxaberet.com\/ca\/abiertas-las-inscripciones-para-la-43a-marxa-beret\/","title":{"rendered":"Abiertas las inscripciones para la 43a Marxa Beret"},"content":{"rendered":"<div class=\"pf-content\">\n<ul>\n<li>\n<h4><strong>La Marxa Beret, que organizan el Conselh Generau d\u2019Aran y Baqueira Beret, es una de las pruebas de esqu\u00ed n\u00f3rdico m\u00e1s consolidadas que se realizan en el territorio nacional y cada a\u00f1o cuenta con cerca de 1.000 participantes de toda Europa<\/strong><\/h4>\n<\/li>\n<li>\n<h4><strong>Las inscripciones se pueden realizar en la p\u00e1gina web oficial de la cursa hasta el 29 de enero y de forma presencial el 4 de febrero<\/strong><\/h4>\n<\/li>\n<\/ul>\n<p>Un a\u00f1o m\u00e1s, se acerca nuevamente la celebraci\u00f3n de la 43a edici\u00f3n de la Marxa Beret, organizada por el Conselh Generau d\u2019Aran y la estaci\u00f3n Baqueira Beret, que tendr\u00e1 lugar el fin de semana del 3 al 5 de febrero de 2022.<\/p>\n<p>Ya est\u00e1n abiertas oficialmente las inscripciones a trav\u00e9s del apartado inscripciones de esta <u><a href=\"https:\/\/www.marxaberet.com\/inscribirse\/\">p\u00e1gina web<\/a><\/u>\u00a0y los interesados e interesadas podr\u00e1n realizarlas hasta el 29 de enero telem\u00e1ticamente. Adem\u00e1s, el 4 de febrero se podr\u00e1n realizar las inscripciones presenciales en la Sala de Inscripciones.<\/p>\n<p>Cabe recordar que el precio de la inscripci\u00f3n aumentar\u00e1 a medida que se acerque la fecha del evento.<\/p>\n<p>La Marxa Beret es una de las pruebas de esqu\u00ed n\u00f3rdico m\u00e1s consolidadas que se realizan en el territorio nacional y cada a\u00f1o cuenta con cerca de 1.000 participantes de toda Europa.<\/p>\n<p>Esta fiesta del esqu\u00ed de fondo empezar\u00e1 en Beret el s\u00e1bado 4 de febrero con el Sprint Salomon, el Campeonato de Espa\u00f1a de sprint.<\/p>\n<p>El 5 de febrero se realizar\u00e1 la 43a edici\u00f3n de la Marxa Beret en las distancias de 42,21 y 10 km.<\/p>\n<p>Los interesados e interesadas pueden encontrar toda la informaci\u00f3n en esta <u><a href=\"https:\/\/www.marxaberet.com\/\">p\u00e1gina web <\/a><\/u>que es la oficial de la competici\u00f3n.<\/p>\n<\/div>\n<p><a class=\"a2a_button_facebook\" title=\"Facebook\" href=\"https:\/\/www.conselharan.org\/#facebook\" target=\"_blank\" rel=\"nofollow noopener\"><span class=\"a2a_label\">Facebook<\/span><\/a><a class=\"a2a_button_twitter\" title=\"Twitter\" href=\"https:\/\/www.conselharan.org\/#twitter\" target=\"_blank\" rel=\"nofollow noopener\"><span class=\"a2a_label\">Twitter<\/span><\/a><a class=\"a2a_button_linkedin\" title=\"LinkedIn\" href=\"https:\/\/www.conselharan.org\/#linkedin\" target=\"_blank\" rel=\"nofollow noopener\"><span class=\"a2a_label\">LinkedIn<\/span><\/a><a class=\"a2a_button_whatsapp\" title=\"WhatsApp\" href=\"https:\/\/www.conselharan.org\/#whatsapp\" target=\"_blank\" rel=\"nofollow noopener\"><span class=\"a2a_label\">WhatsApp<\/span><\/a><a class=\"a2a_button_flipboard\" title=\"Flipboard\" href=\"https:\/\/www.conselharan.org\/#flipboard\" target=\"_blank\" rel=\"nofollow noopener\"><span class=\"a2a_label\">Flipboard<\/span><\/a><a class=\"a2a_button_print\" title=\"Print\" href=\"https:\/\/www.conselharan.org\/#print\" target=\"\" rel=\"nofollow noopener\"><span class=\"a2a_label\">Print<\/span><\/a><a class=\"a2a_button_email\" title=\"Email\" href=\"https:\/\/www.conselharan.org\/#email\" target=\"_blank\" rel=\"nofollow noopener\"><span class=\"a2a_label\">Email<\/span><\/a><\/p>\n","protected":false},"excerpt":{"rendered":"<p>La Marxa Beret, que organizan el Conselh Generau d\u2019Aran y Baqueira Beret, es una de las pruebas de esqu\u00ed n\u00f3rdico m\u00e1s consolidadas que se realizan en el territorio nacional y cada a\u00f1o cuenta con cerca de 1.000 participantes de toda Europa Las inscripciones se pueden realizar en la p\u00e1gina web oficial de la cursa hasta [&hellip;]<\/p>\n","protected":false},"author":3,"featured_media":5276,"comment_status":"closed","ping_status":"closed","sticky":false,"template":"","format":"standard","meta":{"_et_pb_use_builder":"","_et_pb_old_content":"","_et_gb_content_width":"","footnotes":""},"categories":[1],"tags":[],"_links":{"self":[{"href":"https:\/\/www.marxaberet.com\/ca\/wp-json\/wp\/v2\/posts\/5248"}],"collection":[{"href":"https:\/\/www.marxaberet.com\/ca\/wp-json\/wp\/v2\/posts"}],"about":[{"href":"https:\/\/www.marxaberet.com\/ca\/wp-json\/wp\/v2\/types\/post"}],"author":[{"embeddable":true,"href":"https:\/\/www.marxaberet.com\/ca\/wp-json\/wp\/v2\/users\/3"}],"replies":[{"embeddable":true,"href":"https:\/\/www.marxaberet.com\/ca\/wp-json\/wp\/v2\/comments?post=5248"}],"version-history":[{"count":6,"href":"https:\/\/www.marxaberet.com\/ca\/wp-json\/wp\/v2\/posts\/5248\/revisions"}],"predecessor-version":[{"id":5277,"href":"https:\/\/www.marxaberet.com\/ca\/wp-json\/wp\/v2\/posts\/5248\/revisions\/5277"}],"wp:featuredmedia":[{"embeddable":true,"href":"https:\/\/www.marxaberet.com\/ca\/wp-json\/wp\/v2\/media\/5276"}],"wp:attachment":[{"href":"https:\/\/www.marxaberet.com\/ca\/wp-json\/wp\/v2\/media?parent=5248"}],"wp:term":[{"taxonomy":"category","embeddable":true,"href":"https:\/\/www.marxaberet.com\/ca\/wp-json\/wp\/v2\/categories?post=5248"},{"taxonomy":"post_tag","embeddable":true,"href":"https:\/\/www.marxaberet.com\/ca\/wp-json\/wp\/v2\/tags?post=5248"}],"curies":[{"name":"wp","href":"https:\/\/api.w.org\/{rel}","templated":true}]}}